{"id":7876,"global_id":"aebarcelona.eu\/en\/?id=7876","global_id_lineage":["aebarcelona.eu\/en\/?id=7876"],"author":"7","status":"publish","date":"2024-12-19 12:16:15","date_utc":"2024-12-19 11:16:15","modified":"2025-02-07 13:08:25","modified_utc":"2025-02-07 12:08:25","url":"https:\/\/aebarcelona.eu\/en\/event\/determinats-socials-i-ciencia-medica\/","rest_url":"https:\/\/aebarcelona.eu\/en\/wp-json\/tribe\/events\/v1\/events\/7876","title":"Determinats socials i ci\u00e8ncia m\u00e8dica","description":"<p>La teoria social ha demostrat que les societats viuen m\u00e9s i millor gr\u00e0cies a la seva cultura solid\u00e0ria i als determinants que la fan possible. I la ci\u00e8ncia biom\u00e8dica? Quin paper juga en aquest context? Els aven\u00e7os en la pr\u00e0ctica cl\u00ednica, fruit de tanta tenacitat i m\u00e8tode, tamb\u00e9 s\u00f3n rellevants, per\u00f2 menys que els determinants socials, fins a l&#8217;extrem que, en un entorn de m\u00e0xima tensi\u00f3 demogr\u00e0fica, el futur de la humanitat es juga, sobretot, en la reducci\u00f3 de les desigualtats, l&#8217;equitat en l&#8217;acc\u00e9s als serveis socials i sanitaris, la innovaci\u00f3 sostenible, l&#8217;oferta de serveis valuosos i el respecte per al medi ambient.<\/p>\n<p>El llibre \u201cDe vulnerables a poderosos\u201d \u00e9s un recull de\u00a0vuitanta relats breus que parlen de com els homes i les dones\u00a0han lluitat, i\u00a0lluiten, per defensar les seves vides i les dels seus. Uns relats que\u00a0aporten entreteniment,\u00a0coneixement i perspectiva sobre la hist\u00f2ria de tots\u00a0aquests fets i els reptes que els humans tenim pendents<\/p>\n<p><strong>Entrada lliure i gratu\u00efta.<\/strong><\/p>\n<p>Per veure sessi\u00f3 online clicar <a href=\"https:\/\/us06web.zoom.us\/j\/89931986504\">here<\/a><\/p>","excerpt":"","slug":"determinats-socials-i-ciencia-medica","image":{"url":"https:\/\/aebarcelona.eu\/wp-content\/uploads\/2025\/01\/Invitacio_febrer_Frontiers25.png","id":8175,"extension":"png","width":4267,"height":2134,"filesize":936273,"sizes":{"medium":{"width":300,"height":150,"mime-type":"image\/png","filesize":44016,"url":"https:\/\/aebarcelona.eu\/wp-content\/uploads\/2025\/01\/Invitacio_febrer_Frontiers25-300x150.png"},"large":{"width":1024,"height":512,"mime-type":"image\/png","filesize":410445,"url":"https:\/\/aebarcelona.eu\/wp-content\/uploads\/2025\/01\/Invitacio_febrer_Frontiers25-1024x512.png"},"thumbnail":{"width":150,"height":150,"mime-type":"image\/png","filesize":19792,"url":"https:\/\/aebarcelona.eu\/wp-content\/uploads\/2025\/01\/Invitacio_febrer_Frontiers25-150x150.png"},"medium_large":{"width":768,"height":384,"mime-type":"image\/png","filesize":230026,"url":"https:\/\/aebarcelona.eu\/wp-content\/uploads\/2025\/01\/Invitacio_febrer_Frontiers25-768x384.png"},"1536x1536":{"width":1536,"height":768,"mime-type":"image\/png","filesize":867853,"url":"https:\/\/aebarcelona.eu\/wp-content\/uploads\/2025\/01\/Invitacio_febrer_Frontiers25-1536x768.png"},"2048x2048":{"width":2048,"height":1024,"mime-type":"image\/png","filesize":1493781,"url":"https:\/\/aebarcelona.eu\/wp-content\/uploads\/2025\/01\/Invitacio_febrer_Frontiers25-2048x1024.png"},"et-pb-post-main-image":{"width":400,"height":250,"mime-type":"image\/png","filesize":81655,"url":"https:\/\/aebarcelona.eu\/wp-content\/uploads\/2025\/01\/Invitacio_febrer_Frontiers25-400x250.png"},"et-pb-post-main-image-fullwidth":{"width":1080,"height":675,"mime-type":"image\/png","filesize":459581,"url":"https:\/\/aebarcelona.eu\/wp-content\/uploads\/2025\/01\/Invitacio_febrer_Frontiers25-1080x675.png"},"et-pb-portfolio-image":{"width":400,"height":284,"mime-type":"image\/png","filesize":97068,"url":"https:\/\/aebarcelona.eu\/wp-content\/uploads\/2025\/01\/Invitacio_febrer_Frontiers25-400x284.png"},"et-pb-portfolio-module-image":{"width":510,"height":382,"mime-type":"image\/png","filesize":154868,"url":"https:\/\/aebarcelona.eu\/wp-content\/uploads\/2025\/01\/Invitacio_febrer_Frontiers25-510x382.png"},"et-pb-portfolio-image-single":{"width":1080,"height":540,"mime-type":"image\/png","filesize":423619,"url":"https:\/\/aebarcelona.eu\/wp-content\/uploads\/2025\/01\/Invitacio_febrer_Frontiers25-1080x540.png"},"et-pb-gallery-module-image-portrait":{"width":400,"height":516,"mime-type":"image\/png","filesize":152359,"url":"https:\/\/aebarcelona.eu\/wp-content\/uploads\/2025\/01\/Invitacio_febrer_Frontiers25-400x516.png"},"et-pb-post-main-image-fullwidth-large":{"width":2880,"height":1800,"mime-type":"image\/png","filesize":2657657,"url":"https:\/\/aebarcelona.eu\/wp-content\/uploads\/2025\/01\/Invitacio_febrer_Frontiers25-2880x1800.png"},"et-pb-image--responsive--desktop":{"width":1280,"height":640,"mime-type":"image\/png","filesize":602408,"url":"https:\/\/aebarcelona.eu\/wp-content\/uploads\/2025\/01\/Invitacio_febrer_Frontiers25-1280x640.png"},"et-pb-image--responsive--tablet":{"width":980,"height":490,"mime-type":"image\/png","filesize":373430,"url":"https:\/\/aebarcelona.eu\/wp-content\/uploads\/2025\/01\/Invitacio_febrer_Frontiers25-980x490.png"},"et-pb-image--responsive--phone":{"width":480,"height":240,"mime-type":"image\/png","filesize":92137,"url":"https:\/\/aebarcelona.eu\/wp-content\/uploads\/2025\/01\/Invitacio_febrer_Frontiers25-480x240.png"}}},"all_day":false,"start_date":"2025-02-19 18:00:00","start_date_details":{"year":"2025","month":"02","day":"19","hour":"18","minutes":"00","seconds":"00"},"end_date":"2025-02-19 19:30:00","end_date_details":{"year":"2025","month":"02","day":"19","hour":"19","minutes":"30","seconds":"00"},"utc_start_date":"2025-02-19 17:00:00","utc_start_date_details":{"year":"2025","month":"02","day":"19","hour":"17","minutes":"00","seconds":"00"},"utc_end_date":"2025-02-19 18:30:00","utc_end_date_details":{"year":"2025","month":"02","day":"19","hour":"18","minutes":"30","seconds":"00"},"timezone":"UTC+1","timezone_abbr":"UTC+1","cost":"Free","cost_details":{"currency_symbol":"\u20ac","currency_code":"EUR","currency_position":"suffix","values":["0"]},"website":"","show_map":true,"show_map_link":true,"hide_from_listings":false,"sticky":false,"featured":false,"categories":[],"tags":[{"name":"#salut #ci\u00e8ncia #determinats socials","slug":"salut-ciencia-determinats-socials","term_group":0,"term_taxonomy_id":160,"taxonomy":"post_tag","description":"","parent":0,"count":2,"filter":"raw","id":160,"urls":{"self":"https:\/\/aebarcelona.eu\/en\/wp-json\/tribe\/events\/v1\/tags\/160","collection":"https:\/\/aebarcelona.eu\/en\/wp-json\/tribe\/events\/v1\/tags"}}],"venue":{"id":5270,"author":"1","status":"publish","date":"2023-09-11 17:56:33","date_utc":"2023-09-11 16:56:33","modified":"2023-09-11 17:56:33","modified_utc":"2023-09-11 16:56:33","url":"https:\/\/aebarcelona.eu\/en\/venue\/royal-academy-of-sciences-and-arts-of-barcelona-racab\/","venue":"Royal Academy of Sciences and Arts of Barcelona (RACAB)","slug":"royal-academy-of-sciences-and-arts-of-barcelona-racab","address":"La Rambla, 115","city":"Barcelona","json_ld":{"@type":"Place","name":"Royal Academy of Sciences and Arts of Barcelona (RACAB)","description":"","url":"","address":{"@type":"PostalAddress","streetAddress":"La Rambla, 115","addressLocality":"Barcelona"},"telephone":"","sameAs":""},"show_map":true,"show_map_link":true,"global_id":"aebarcelona.eu\/en\/?id=5270","global_id_lineage":["aebarcelona.eu\/en\/?id=5270"]},"organizer":[{"id":5403,"author":"7","status":"publish","date":"2023-09-24 13:41:35","date_utc":"2023-09-24 12:41:35","modified":"2023-09-24 13:41:35","modified_utc":"2023-09-24 12:41:35","url":"https:\/\/aebarcelona.eu\/en\/organizer\/academia-europaea-barcelona-knowledge-hub\/","organizer":"Academia Europaea Barcelona Knowledge Hub","slug":"academia-europaea-barcelona-knowledge-hub","json_ld":{"@type":"Person","name":"Academia Europaea Barcelona Knowledge Hub","description":"","url":"","telephone":"","email":"","sameAs":""},"global_id":"aebarcelona.eu\/en\/?id=5403","global_id_lineage":["aebarcelona.eu\/en\/?id=5403"]}],"custom_fields":[],"json_ld":{"@context":"http:\/\/schema.org","@type":"Event","name":"Determinats socials i ci\u00e8ncia m\u00e8dica","description":"&lt;p&gt;La teoria social ha demostrat que les societats viuen m\u00e9s i millor gr\u00e0cies a la seva cultura solid\u00e0ria i als determinants que la fan possible. I la ci\u00e8ncia biom\u00e8dica? Quin [&hellip;]&lt;\/p&gt;\\n","image":"https:\/\/aebarcelona.eu\/wp-content\/uploads\/2025\/01\/Invitacio_febrer_Frontiers25.png","url":"https:\/\/aebarcelona.eu\/en\/event\/determinats-socials-i-ciencia-medica\/","eventAttendanceMode":"https:\/\/schema.org\/OfflineEventAttendanceMode","eventStatus":"https:\/\/schema.org\/EventScheduled","startDate":"2025-02-19T18:00:00+01:00","endDate":"2025-02-19T19:30:00+01:00","location":{"@type":"Place","name":"Royal Academy of Sciences and Arts of Barcelona (RACAB)","description":"","url":"","address":{"@type":"PostalAddress","streetAddress":"La Rambla, 115","addressLocality":"Barcelona"},"telephone":"","sameAs":""},"organizer":{"@type":"Person","name":"Academia Europaea Barcelona Knowledge Hub","description":"","url":"","telephone":"","email":"","sameAs":""},"offers":{"@type":"Offer","price":"0","priceCurrency":"EUR","url":"https:\/\/aebarcelona.eu\/en\/event\/determinats-socials-i-ciencia-medica\/","category":"primary","availability":"inStock","validFrom":"1970-01-01T00:00:00+00:00"},"performer":"Organization"}}