{"id":6485,"global_id":"aebarcelona.eu\/ca\/?id=6485","global_id_lineage":["aebarcelona.eu\/ca\/?id=6485"],"author":"7","status":"publish","date":"2024-03-04 12:58:47","date_utc":"2024-03-04 11:58:47","modified":"2024-03-20 15:38:38","modified_utc":"2024-03-20 14:38:38","url":"https:\/\/aebarcelona.eu\/ca\/event\/iv-agora-diversidad-afectiva-sexual-y-de-genero-naturaleza-y-cultura\/","rest_url":"https:\/\/aebarcelona.eu\/ca\/wp-json\/tribe\/events\/v1\/events\/6485","title":"IV \u00c0GORA: Diversidad afectiva, sexual y de g\u00e9nero: naturaleza y cultura","description":"<p>[et_pb_section fb_built=&#8221;1&#8243; admin_label=&#8221;section&#8221; _builder_version=&#8221;4.16&#8243; global_colors_info=&#8221;{}&#8221;][et_pb_row admin_label=&#8221;row&#8221; _builder_version=&#8221;4.16&#8243; background_size=&#8221;initial&#8221; background_position=&#8221;top_left&#8221; background_repeat=&#8221;repeat&#8221; global_colors_info=&#8221;{}&#8221;][et_pb_column type=&#8221;4_4&#8243; _builder_version=&#8221;4.16&#8243; custom_padding=&#8221;|||&#8221; global_colors_info=&#8221;{}&#8221; custom_padding__hover=&#8221;|||&#8221;][et_pb_text admin_label=&#8221;Text&#8221; _builder_version=&#8221;4.21.0&#8243; background_size=&#8221;initial&#8221; background_position=&#8221;top_left&#8221; background_repeat=&#8221;repeat&#8221; hover_enabled=&#8221;0&#8243; global_colors_info=&#8221;{}&#8221; sticky_enabled=&#8221;0&#8243;]<\/p>\n<p>La diversidad afectiva, sexual y de g\u00e9nero se refiere a la amplia variedad de realidades afectivo-sexuales, identidades de g\u00e9nero y expresiones emocionales que existen. Este t\u00e9rmino abarca la idea de que las experiencias del amor, la atracci\u00f3n y la identidad de g\u00e9nero son diversas, y no se limitan a una \u00fanica forma de sentir o vivir. Reconoce la existencia y legitimidad de identidades y orientaciones diferentes a las tradicionalmente consideradas como normativas en una sociedad, promoviendo la aceptaci\u00f3n, el respeto y la igualdad de derechos para todas las personas, independientemente de su orientaci\u00f3n afectivo-sexual o identidad de g\u00e9nero. \u00bfHasta qu\u00e9 punto responde a bases biol\u00f3gicas y gen\u00e9ticas o su base es totalmente psicol\u00f3gica y social?<\/p>\n<p>Ponents convidats:<\/p>\n<p>Esa D\u00edaz-Le\u00f3n, professora agregada, UB, Barcelona<\/p>\n<p>Gracia Trujillo, professora de sociologia, UCM, Madrid<\/p>\n<p>Moderador: Simon Perera, Secretari general de PRISMA, Barcelona<\/p>\n<p>&nbsp;<\/p>\n<p>[\/et_pb_text][\/et_pb_column][\/et_pb_row][\/et_pb_section]<\/p>","excerpt":"","slug":"iv-agora-diversidad-afectiva-sexual-y-de-genero-naturaleza-y-cultura","image":false,"all_day":false,"start_date":"2024-04-17 18:00:00","start_date_details":{"year":"2024","month":"04","day":"17","hour":"18","minutes":"00","seconds":"00"},"end_date":"2024-04-17 19:30:00","end_date_details":{"year":"2024","month":"04","day":"17","hour":"19","minutes":"30","seconds":"00"},"utc_start_date":"2024-04-17 16:00:00","utc_start_date_details":{"year":"2024","month":"04","day":"17","hour":"16","minutes":"00","seconds":"00"},"utc_end_date":"2024-04-17 17:30:00","utc_end_date_details":{"year":"2024","month":"04","day":"17","hour":"17","minutes":"30","seconds":"00"},"timezone":"UTC+1","timezone_abbr":"UTC+1","cost":"","cost_details":{"currency_symbol":"","currency_code":"","currency_position":"prefix","values":[]},"website":"","show_map":true,"show_map_link":true,"hide_from_listings":false,"sticky":false,"featured":false,"categories":[],"tags":[],"venue":{"id":5270,"author":"1","status":"publish","date":"2023-09-11 17:56:33","date_utc":"2023-09-11 16:56:33","modified":"2023-09-11 17:56:33","modified_utc":"2023-09-11 16:56:33","url":"https:\/\/aebarcelona.eu\/en\/recinte\/royal-academy-of-sciences-and-arts-of-barcelona-racab\/","venue":"Royal Academy of Sciences and Arts of Barcelona (RACAB)","slug":"royal-academy-of-sciences-and-arts-of-barcelona-racab","address":"La Rambla, 115","city":"Barcelona","json_ld":{"@type":"Place","name":"Royal Academy of Sciences and Arts of Barcelona (RACAB)","description":"","url":"","address":{"@type":"PostalAddress","streetAddress":"La Rambla, 115","addressLocality":"Barcelona"},"telephone":"","sameAs":""},"show_map":true,"show_map_link":true,"global_id":"aebarcelona.eu\/ca\/?id=5270","global_id_lineage":["aebarcelona.eu\/ca\/?id=5270"]},"organizer":[{"id":5403,"author":"7","status":"publish","date":"2023-09-24 13:41:35","date_utc":"2023-09-24 12:41:35","modified":"2023-09-24 13:41:35","modified_utc":"2023-09-24 12:41:35","url":"https:\/\/aebarcelona.eu\/en\/organitzador\/academia-europaea-barcelona-knowledge-hub\/","organizer":"Academia Europaea Barcelona Knowledge Hub","slug":"academia-europaea-barcelona-knowledge-hub","json_ld":{"@type":"Person","name":"Academia Europaea Barcelona Knowledge Hub","description":"","url":"","telephone":"","email":"","sameAs":""},"global_id":"aebarcelona.eu\/ca\/?id=5403","global_id_lineage":["aebarcelona.eu\/ca\/?id=5403"]}],"custom_fields":[],"json_ld":{"@context":"http:\/\/schema.org","@type":"Event","name":"IV \u00c0GORA: Diversidad afectiva, sexual y de g\u00e9nero: naturaleza y cultura","description":"&lt;p&gt;La diversidad afectiva, sexual y de g\u00e9nero se refiere a la amplia variedad de realidades afectivo-sexuales, identidades de g\u00e9nero y expresiones emocionales que existen. Este t\u00e9rmino abarca la idea de [&hellip;]&lt;\/p&gt;\\n","url":"https:\/\/aebarcelona.eu\/ca\/event\/iv-agora-diversidad-afectiva-sexual-y-de-genero-naturaleza-y-cultura\/","eventAttendanceMode":"https:\/\/schema.org\/OfflineEventAttendanceMode","eventStatus":"https:\/\/schema.org\/EventScheduled","startDate":"2024-04-17T18:00:00+01:00","endDate":"2024-04-17T19:30:00+01:00","location":{"@type":"Place","name":"Royal Academy of Sciences and Arts of Barcelona (RACAB)","description":"","url":"","address":{"@type":"PostalAddress","streetAddress":"La Rambla, 115","addressLocality":"Barcelona"},"telephone":"","sameAs":""},"organizer":{"@type":"Person","name":"Academia Europaea Barcelona Knowledge Hub","description":"","url":"","telephone":"","email":"","sameAs":""},"performer":"Organization"}}